{"id":6425,"date":"2025-10-16T14:38:30","date_gmt":"2025-10-16T14:38:30","guid":{"rendered":"http:\/\/wp.popularmusikforschung.de\/?p=6425"},"modified":"2026-01-12T18:35:16","modified_gmt":"2026-01-12T18:35:16","slug":"jahrestagung-2026-musik-unter-beobachtung","status":"publish","type":"post","link":"http:\/\/wp.popularmusikforschung.de\/?p=6425","title":{"rendered":"Jah\u00adres\u00adta\u00adgung 2026: Musik unter Beob\u00adach\u00adtung (ver\u00adl\u00e4n\u00adgerte Einreichungsfrist)"},"content":{"rendered":"\n<p><strong>Musik unter Beob\u00adach\u00adtung: Hand\u00adlungs\u00adr\u00e4ume zwi\u00adschen Kon\u00adtrolle und Aus\u00addruck<\/strong><br>36. Jah\u00adres\u00adta\u00adgung der Gesell\u00adschaft f\u00fcr Popular\u00admusik\u00adforschung<br>Leu\u00adphana Uni\u00adver\u00adsit\u00e4t L\u00fcne\u00adburg&nbsp;<br>16.\u201318.10.2026<\/p>\n\n\n\n<p>Popu\u00adl\u00e4re Musik ent\u00adsteht unter st\u00e4n\u00addiger Beob\u00adach\u00adtung. Ob durch das wach\u00adsame Auge der staat\u00adli\u00adchen Zensur, den ana\u00adly\u00adti\u00adschen Blick der A&amp;R\u2011Abteilung eines Labels, die kri\u00adti\u00adsche Begut\u00adach\u00adtung durch eine Online-Fan\u00adge\u00admeinde oder das auto\u00adma\u00adti\u00adsierte Tracking einer Strea\u00adming-Platt\u00adform \u2013 Musik wird fort\u00adw\u00e4h\u00adrend dadurch geformt, dass sie gesehen und geh\u00f6rt wird. Solche Beob\u00adach\u00adtung setzt oft Grenzen, schafft aber ebenso neue Hand\u00adlungs\u00adm\u00f6g\u00adlich\u00adkeiten. Diese Tagung fragt: Was tun Musiker*innen, Indus\u00adtrien und Publika, wenn sie beob\u00adachtet werden?<br>Wir wollen die Hand\u00adlungs\u00adr\u00e4ume unter\u00adsu\u00adchen, die sich im Span\u00adnungs\u00adfeld zwi\u00adschen Kon\u00adtroll\u00addruck und Aus\u00addrucks\u00adwillen auftun: Die aktu\u00adellen Ent\u00adwick\u00adlungen in den USA spitzen dabei glo\u00adbale Trends von Zensur und Cancel Cul\u00adtures auf eine bisher nicht vor\u00adher\u00adseh\u00adbare Weise zu. Kon\u00adtrolle kann sich als offene Zensur, durch sub\u00adtile Len\u00adkung von Algo\u00adrithmen, als \u00f6ko\u00adno\u00admi\u00adsche Dis\u00adzi\u00adpli\u00adnie\u00adrung des Marktes oder durch die soziale \u00dcber\u00adwa\u00adchung von Authen\u00adti\u00adzit\u00e4t inner\u00adhalb einer Szene mani\u00adfes\u00adtieren. Als Reak\u00adtion darauf ent\u00adstehen jedoch best\u00e4ndig neue Formen von Krea\u00adti\u00advit\u00e4t, Wider\u00adstand, Sub\u00adver\u00adsion und Iden\u00adti\u00adt\u00e4ts\u00adspiel. Als wei\u00adtere Reak\u00adtionen auf Beob\u00adach\u00adtungen von Prak\u00adtiken und Hier\u00adar\u00adchien k\u00f6nnen jedoch auch Schutz\u00adr\u00e4ume, Awa\u00adre\u00adness-Ma\u00df\u00adnahmen sowie krea\u00adtive Hand\u00adlungs\u00adr\u00e4ume mit M\u00f6g\u00adlich\u00adkeiten zur Refle\u00adxion und Selbst\u00adbe\u00adstim\u00admung ent\u00adstehen. Die Tagung l\u00e4dt dazu ein, dieses dyna\u00admi\u00adsche Span\u00adnungs\u00adver\u00adh\u00e4ltnis in unter\u00adschied\u00adli\u00adchen his\u00adto\u00adri\u00adschen, kul\u00adtu\u00adrellen, sozialen, \u00f6ko\u00adno\u00admi\u00adschen und tech\u00adno\u00adlo\u00adgi\u00adschen Kon\u00adtexten zu unter\u00adsu\u00adchen.<br>Wir freuen uns \u00fcber Ein\u00adrei\u00adchungen, die sich unter anderem mit fol\u00adgenden Fragen auseinandersetzen:<\/p>\n\n\n\n<ul class=\"wp-block-list\">\n<li>Wie haben K\u00fcnstler*innen und ihr Publikum in ver\u00adschie\u00addenen poli\u00adti\u00adschen Regimen staat\u00adliche \u00dcber\u00adwa\u00adchung oder Zensur navigiert?<\/li>\n\n\n\n<li>Welche Formen der \u00f6ko\u00adno\u00admi\u00adschen und indus\u00adtri\u00adellen Beob\u00adach\u00adtung, von der Chart-Erstel\u00adlung bis zur Markt\u00adfor\u00adschung, haben die musi\u00adka\u00adli\u00adsche Pro\u00adduk\u00adtion und Wert\u00adsch\u00f6p\u00adfung gepr\u00e4gt?<\/li>\n\n\n\n<li>Wie schaffen Tech\u00adno\u00adlo\u00adgien \u2013 vom Metronom bis zum maschi\u00adnellen Lernen \u2013 neue Formen von Dis\u00adzi\u00adplin und krea\u00adtiver Frei\u00adheit im musi\u00adka\u00adli\u00adschen Schaffensprozess?<\/li>\n\n\n\n<li>Auf welche Weise beob\u00adachten und regu\u00adlieren soziale Gruppen, Sub\u00adkul\u00adturen oder Fan\u00adge\u00admein\u00adschaften das Ver\u00adhalten, den Geschmack und die Iden\u00adti\u00adt\u00e4ten ihrer Mitglieder?<\/li>\n\n\n\n<li>Wie ist Musik in Prak\u00adtiken der Selbst\u00adbe\u00adob\u00adach\u00adtung invol\u00adviert, sei es f\u00fcr Wohl\u00adbe\u00adfinden, k\u00fcnst\u00adle\u00adri\u00adsche Ver\u00advoll\u00adkomm\u00adnung oder Per\u00adsonal Branding?<\/li>\n\n\n\n<li>Wie ent\u00adwi\u00adckeln K\u00fcnstler*innen und H\u00f6rer*innen Tak\u00adtiken des Wider\u00adstands, der Unsicht\u00adbar\u00adkeit oder der spie\u00adle\u00adri\u00adschen Sub\u00adver\u00adsion als Reak\u00adtion auf \u00dcberwachung?<\/li>\n\n\n\n<li>Welche Formen von F\u00fcr\u00adsorge, Ver\u00adant\u00adwor\u00adtung und Awa\u00adre\u00adness k\u00f6nnen aus Beob\u00adach\u00adtungs\u00adprak\u00adtiken hervorgehen?<\/li>\n<\/ul>\n\n\n\n<p>Wir begr\u00fc\u00dfen aus\u00addr\u00fcck\u00adlich Ein\u00adrei\u00adchungen von Early-Career-For\u00adschenden und Vor\u00adschl\u00e4ge f\u00fcr viel\u00adf\u00e4l\u00adtige For\u00admate jen\u00adseits des tra\u00addi\u00adtio\u00adnellen Vor\u00adtrags. Dazu geh\u00f6ren Work\u00adshops, Dis\u00adkus\u00adsi\u00adons\u00adrunden, Lec\u00adture-Per\u00adfor\u00admances, Audio-Papers, Film\u00advor\u00adf\u00fch\u00adrungen und andere expe\u00adri\u00admen\u00adtelle oder inter\u00adak\u00adtive Bei\u00adtr\u00e4ge. Bitte senden Sie ein Abs\u00adtract von max. 250 W\u00f6r\u00adtern sowie eine Kurz\u00adbio\u00adgrafie (max. 80 W\u00f6rter) bis zum 13. Februar 2026 an&nbsp;<a href=\"mailto:gfpm2026@popularmusikforschung.de\">gfpm2026@popularmusikforschung.de<\/a>.&nbsp;<\/p>\n\n\n\n<p>F\u00fcr die Teil\u00adnahme an der Tagung wird eine Tagungs\u00adge\u00adb\u00fchr erhoben. F\u00fcr Early-Career-For\u00adschende sowie f\u00fcr Teil\u00adneh\u00admende mit begrenzten finan\u00adzi\u00adellen M\u00f6g\u00adlich\u00adkeiten stehen auf Antrag Sti\u00adpen\u00addien zur Unter\u00adst\u00fct\u00adzung von Reise- und Tagungs\u00adkosten zur Ver\u00adf\u00fc\u00adgung. Wei\u00adtere Infos dazu folgen.<\/p>\n","protected":false},"excerpt":{"rendered":"<p>16.10.26: Musik unter Beob\u00adach\u00adtung: Hand\u00adlungs\u00adr\u00e4ume zwi\u00adschen Kon\u00adtrolle und Ausdruck<br>\n36. Jah\u00adres\u00adta\u00adgung der Gesell\u00adschaft f\u00fcr Popularmusikforschung<br>\nLeu\u00adphana Uni\u00adver\u00adsit\u00e4t L\u00fcneburg<br>\n16.\u201318.10.2026. Kli\u00adcken f\u00fcr mehr&nbsp;Info<\/p>\n","protected":false},"author":1,"featured_media":4274,"comment_status":"closed","ping_status":"closed","sticky":false,"template":"","format":"standard","meta":{"inline_featured_image":false,"wp_typography_post_enhancements_disabled":false,"footnotes":""},"categories":[47,25,41],"tags":[64,66,65],"class_list":["post-6425","post","type-post","status-publish","format-standard","has-post-thumbnail","hentry","category-deutsch","category-tagung","category-tagung-cfp","tag-cfp","tag-konferenz","tag-tagung"],"yoast_head":"<!-- This site is optimized with the Yoast SEO plugin v26.7 - https:\/\/yoast.com\/wordpress\/plugins\/seo\/ -->\n<title>Jahrestagung 2026: Musik unter Beobachtung (verl\u00e4ngerte Einreichungsfrist) - GFPM<\/title>\n<meta name=\"robots\" content=\"index, follow, max-snippet:-1, max-image-preview:large, max-video-preview:-1\" \/>\n<link rel=\"canonical\" href=\"http:\/\/wp.popularmusikforschung.de\/?p=6425\" \/>\n<meta property=\"og:locale\" content=\"de_DE\" \/>\n<meta property=\"og:type\" content=\"article\" \/>\n<meta property=\"og:title\" content=\"Jahrestagung 2026: Musik unter Beobachtung (verl\u00e4ngerte Einreichungsfrist) - GFPM\" \/>\n<meta property=\"og:description\" content=\"16.10.26: Musik unter Beobachtung: Handlungsr\u00e4ume zwischen Kontrolle und Ausdruck 36. Jahrestagung der Gesellschaft f\u00fcr Popularmusikforschung Leuphana Universit\u00e4t L\u00fcneburg 16.\u201318.10.2026. Klicken f\u00fcr mehr Info\" \/>\n<meta property=\"og:url\" content=\"http:\/\/wp.popularmusikforschung.de\/?p=6425\" \/>\n<meta property=\"og:site_name\" content=\"GFPM\" \/>\n<meta property=\"article:publisher\" content=\"https:\/\/www.facebook.com\/search\/top?q=gfpmgesellschaftfrpopularmusikforschung\" \/>\n<meta property=\"article:published_time\" content=\"2025-10-16T14:38:30+00:00\" \/>\n<meta property=\"article:modified_time\" content=\"2026-01-12T18:35:16+00:00\" \/>\n<meta property=\"og:image\" content=\"http:\/\/wp.popularmusikforschung.de\/wp-content\/uploads\/2021\/03\/News_CfC.png\" \/>\n\t<meta property=\"og:image:width\" content=\"400\" \/>\n\t<meta property=\"og:image:height\" content=\"200\" \/>\n\t<meta property=\"og:image:type\" content=\"image\/png\" \/>\n<meta name=\"author\" content=\"13789388\" \/>\n<meta name=\"twitter:card\" content=\"summary_large_image\" \/>\n<meta name=\"twitter:label1\" content=\"Verfasst von\" \/>\n\t<meta name=\"twitter:data1\" content=\"13789388\" \/>\n\t<meta name=\"twitter:label2\" content=\"Gesch\u00e4tzte Lesezeit\" \/>\n\t<meta name=\"twitter:data2\" content=\"3\u00a0Minuten\" \/>\n<script type=\"application\/ld+json\" class=\"yoast-schema-graph\">{\"@context\":\"https:\/\/schema.org\",\"@graph\":[{\"@type\":\"Article\",\"@id\":\"http:\/\/wp.popularmusikforschung.de\/?p=6425#article\",\"isPartOf\":{\"@id\":\"http:\/\/wp.popularmusikforschung.de\/?p=6425\"},\"author\":{\"name\":\"13789388\",\"@id\":\"http:\/\/wp.popularmusikforschung.de\/#\/schema\/person\/b0477ad11daaa2185d35673e89cd41a3\"},\"headline\":\"Jah\u00adres\u00adta\u00adgung 2026: Musik unter Beob\u00adach\u00adtung (ver\u00adl\u00e4n\u00adgerte Einreichungsfrist)\",\"datePublished\":\"2025-10-16T14:38:30+00:00\",\"dateModified\":\"2026-01-12T18:35:16+00:00\",\"mainEntityOfPage\":{\"@id\":\"http:\/\/wp.popularmusikforschung.de\/?p=6425\"},\"wordCount\":480,\"publisher\":{\"@id\":\"http:\/\/wp.popularmusikforschung.de\/#organization\"},\"image\":{\"@id\":\"http:\/\/wp.popularmusikforschung.de\/?p=6425#primaryimage\"},\"thumbnailUrl\":\"http:\/\/wp.popularmusikforschung.de\/wp-content\/uploads\/2021\/03\/News_CfC.png\",\"keywords\":[\"CfP\",\"Konferenz\",\"Tagung\"],\"articleSection\":[\"Deutsch\",\"Tagung\",\"Tagung: Call for Contributions\"],\"inLanguage\":\"de\"},{\"@type\":\"WebPage\",\"@id\":\"http:\/\/wp.popularmusikforschung.de\/?p=6425\",\"url\":\"http:\/\/wp.popularmusikforschung.de\/?p=6425\",\"name\":\"Jahrestagung 2026: Musik unter Beobachtung (verl\u00e4ngerte Einreichungsfrist) - GFPM\",\"isPartOf\":{\"@id\":\"http:\/\/wp.popularmusikforschung.de\/#website\"},\"primaryImageOfPage\":{\"@id\":\"http:\/\/wp.popularmusikforschung.de\/?p=6425#primaryimage\"},\"image\":{\"@id\":\"http:\/\/wp.popularmusikforschung.de\/?p=6425#primaryimage\"},\"thumbnailUrl\":\"http:\/\/wp.popularmusikforschung.de\/wp-content\/uploads\/2021\/03\/News_CfC.png\",\"datePublished\":\"2025-10-16T14:38:30+00:00\",\"dateModified\":\"2026-01-12T18:35:16+00:00\",\"breadcrumb\":{\"@id\":\"http:\/\/wp.popularmusikforschung.de\/?p=6425#breadcrumb\"},\"inLanguage\":\"de\",\"potentialAction\":[{\"@type\":\"ReadAction\",\"target\":[\"http:\/\/wp.popularmusikforschung.de\/?p=6425\"]}]},{\"@type\":\"ImageObject\",\"inLanguage\":\"de\",\"@id\":\"http:\/\/wp.popularmusikforschung.de\/?p=6425#primaryimage\",\"url\":\"http:\/\/wp.popularmusikforschung.de\/wp-content\/uploads\/2021\/03\/News_CfC.png\",\"contentUrl\":\"http:\/\/wp.popularmusikforschung.de\/wp-content\/uploads\/2021\/03\/News_CfC.png\",\"width\":400,\"height\":200},{\"@type\":\"BreadcrumbList\",\"@id\":\"http:\/\/wp.popularmusikforschung.de\/?p=6425#breadcrumb\",\"itemListElement\":[{\"@type\":\"ListItem\",\"position\":1,\"name\":\"Startseite\",\"item\":\"http:\/\/wp.popularmusikforschung.de\/\"},{\"@type\":\"ListItem\",\"position\":2,\"name\":\"Jahrestagung 2026: Musik unter Beobachtung (verl\u00e4ngerte Einreichungsfrist)\"}]},{\"@type\":\"WebSite\",\"@id\":\"http:\/\/wp.popularmusikforschung.de\/#website\",\"url\":\"http:\/\/wp.popularmusikforschung.de\/\",\"name\":\"GFPM\",\"description\":\"Gesellschaft f\u00fcr Popularmusikforschung\",\"publisher\":{\"@id\":\"http:\/\/wp.popularmusikforschung.de\/#organization\"},\"potentialAction\":[{\"@type\":\"SearchAction\",\"target\":{\"@type\":\"EntryPoint\",\"urlTemplate\":\"http:\/\/wp.popularmusikforschung.de\/?s={search_term_string}\"},\"query-input\":{\"@type\":\"PropertyValueSpecification\",\"valueRequired\":true,\"valueName\":\"search_term_string\"}}],\"inLanguage\":\"de\"},{\"@type\":\"Organization\",\"@id\":\"http:\/\/wp.popularmusikforschung.de\/#organization\",\"name\":\"Gesellschaft f\u00fcr Popularmusikforschung\",\"url\":\"http:\/\/wp.popularmusikforschung.de\/\",\"logo\":{\"@type\":\"ImageObject\",\"inLanguage\":\"de\",\"@id\":\"http:\/\/wp.popularmusikforschung.de\/#\/schema\/logo\/image\/\",\"url\":\"http:\/\/wp.popularmusikforschung.de\/wp-content\/uploads\/2021\/09\/GFPM_Logo_black_high.png\",\"contentUrl\":\"http:\/\/wp.popularmusikforschung.de\/wp-content\/uploads\/2021\/09\/GFPM_Logo_black_high.png\",\"width\":174,\"height\":155,\"caption\":\"Gesellschaft f\u00fcr Popularmusikforschung\"},\"image\":{\"@id\":\"http:\/\/wp.popularmusikforschung.de\/#\/schema\/logo\/image\/\"},\"sameAs\":[\"https:\/\/www.facebook.com\/search\/top?q=gfpmgesellschaftfrpopularmusikforschung\"]},{\"@type\":\"Person\",\"@id\":\"http:\/\/wp.popularmusikforschung.de\/#\/schema\/person\/b0477ad11daaa2185d35673e89cd41a3\",\"name\":\"13789388\",\"url\":\"http:\/\/wp.popularmusikforschung.de\/?author=1\"}]}<\/script>\n<!-- \/ Yoast SEO plugin. -->","yoast_head_json":{"title":"Jahrestagung 2026: Musik unter Beobachtung (verl\u00e4ngerte Einreichungsfrist) - GFPM","robots":{"index":"index","follow":"follow","max-snippet":"max-snippet:-1","max-image-preview":"max-image-preview:large","max-video-preview":"max-video-preview:-1"},"canonical":"http:\/\/wp.popularmusikforschung.de\/?p=6425","og_locale":"de_DE","og_type":"article","og_title":"Jahrestagung 2026: Musik unter Beobachtung (verl\u00e4ngerte Einreichungsfrist) - GFPM","og_description":"16.10.26: Musik unter Beobachtung: Handlungsr\u00e4ume zwischen Kontrolle und Ausdruck 36. Jahrestagung der Gesellschaft f\u00fcr Popularmusikforschung Leuphana Universit\u00e4t L\u00fcneburg 16.\u201318.10.2026. Klicken f\u00fcr mehr Info","og_url":"http:\/\/wp.popularmusikforschung.de\/?p=6425","og_site_name":"GFPM","article_publisher":"https:\/\/www.facebook.com\/search\/top?q=gfpmgesellschaftfrpopularmusikforschung","article_published_time":"2025-10-16T14:38:30+00:00","article_modified_time":"2026-01-12T18:35:16+00:00","og_image":[{"width":400,"height":200,"url":"http:\/\/wp.popularmusikforschung.de\/wp-content\/uploads\/2021\/03\/News_CfC.png","type":"image\/png"}],"author":"13789388","twitter_card":"summary_large_image","twitter_misc":{"Verfasst von":"13789388","Gesch\u00e4tzte Lesezeit":"3\u00a0Minuten"},"schema":{"@context":"https:\/\/schema.org","@graph":[{"@type":"Article","@id":"http:\/\/wp.popularmusikforschung.de\/?p=6425#article","isPartOf":{"@id":"http:\/\/wp.popularmusikforschung.de\/?p=6425"},"author":{"name":"13789388","@id":"http:\/\/wp.popularmusikforschung.de\/#\/schema\/person\/b0477ad11daaa2185d35673e89cd41a3"},"headline":"Jah\u00adres\u00adta\u00adgung 2026: Musik unter Beob\u00adach\u00adtung (ver\u00adl\u00e4n\u00adgerte Einreichungsfrist)","datePublished":"2025-10-16T14:38:30+00:00","dateModified":"2026-01-12T18:35:16+00:00","mainEntityOfPage":{"@id":"http:\/\/wp.popularmusikforschung.de\/?p=6425"},"wordCount":480,"publisher":{"@id":"http:\/\/wp.popularmusikforschung.de\/#organization"},"image":{"@id":"http:\/\/wp.popularmusikforschung.de\/?p=6425#primaryimage"},"thumbnailUrl":"http:\/\/wp.popularmusikforschung.de\/wp-content\/uploads\/2021\/03\/News_CfC.png","keywords":["CfP","Konferenz","Tagung"],"articleSection":["Deutsch","Tagung","Tagung: Call for Contributions"],"inLanguage":"de"},{"@type":"WebPage","@id":"http:\/\/wp.popularmusikforschung.de\/?p=6425","url":"http:\/\/wp.popularmusikforschung.de\/?p=6425","name":"Jahrestagung 2026: Musik unter Beobachtung (verl\u00e4ngerte Einreichungsfrist) - GFPM","isPartOf":{"@id":"http:\/\/wp.popularmusikforschung.de\/#website"},"primaryImageOfPage":{"@id":"http:\/\/wp.popularmusikforschung.de\/?p=6425#primaryimage"},"image":{"@id":"http:\/\/wp.popularmusikforschung.de\/?p=6425#primaryimage"},"thumbnailUrl":"http:\/\/wp.popularmusikforschung.de\/wp-content\/uploads\/2021\/03\/News_CfC.png","datePublished":"2025-10-16T14:38:30+00:00","dateModified":"2026-01-12T18:35:16+00:00","breadcrumb":{"@id":"http:\/\/wp.popularmusikforschung.de\/?p=6425#breadcrumb"},"inLanguage":"de","potentialAction":[{"@type":"ReadAction","target":["http:\/\/wp.popularmusikforschung.de\/?p=6425"]}]},{"@type":"ImageObject","inLanguage":"de","@id":"http:\/\/wp.popularmusikforschung.de\/?p=6425#primaryimage","url":"http:\/\/wp.popularmusikforschung.de\/wp-content\/uploads\/2021\/03\/News_CfC.png","contentUrl":"http:\/\/wp.popularmusikforschung.de\/wp-content\/uploads\/2021\/03\/News_CfC.png","width":400,"height":200},{"@type":"BreadcrumbList","@id":"http:\/\/wp.popularmusikforschung.de\/?p=6425#breadcrumb","itemListElement":[{"@type":"ListItem","position":1,"name":"Startseite","item":"http:\/\/wp.popularmusikforschung.de\/"},{"@type":"ListItem","position":2,"name":"Jahrestagung 2026: Musik unter Beobachtung (verl\u00e4ngerte Einreichungsfrist)"}]},{"@type":"WebSite","@id":"http:\/\/wp.popularmusikforschung.de\/#website","url":"http:\/\/wp.popularmusikforschung.de\/","name":"GFPM","description":"Gesellschaft f\u00fcr Popularmusikforschung","publisher":{"@id":"http:\/\/wp.popularmusikforschung.de\/#organization"},"potentialAction":[{"@type":"SearchAction","target":{"@type":"EntryPoint","urlTemplate":"http:\/\/wp.popularmusikforschung.de\/?s={search_term_string}"},"query-input":{"@type":"PropertyValueSpecification","valueRequired":true,"valueName":"search_term_string"}}],"inLanguage":"de"},{"@type":"Organization","@id":"http:\/\/wp.popularmusikforschung.de\/#organization","name":"Gesellschaft f\u00fcr Popularmusikforschung","url":"http:\/\/wp.popularmusikforschung.de\/","logo":{"@type":"ImageObject","inLanguage":"de","@id":"http:\/\/wp.popularmusikforschung.de\/#\/schema\/logo\/image\/","url":"http:\/\/wp.popularmusikforschung.de\/wp-content\/uploads\/2021\/09\/GFPM_Logo_black_high.png","contentUrl":"http:\/\/wp.popularmusikforschung.de\/wp-content\/uploads\/2021\/09\/GFPM_Logo_black_high.png","width":174,"height":155,"caption":"Gesellschaft f\u00fcr Popularmusikforschung"},"image":{"@id":"http:\/\/wp.popularmusikforschung.de\/#\/schema\/logo\/image\/"},"sameAs":["https:\/\/www.facebook.com\/search\/top?q=gfpmgesellschaftfrpopularmusikforschung"]},{"@type":"Person","@id":"http:\/\/wp.popularmusikforschung.de\/#\/schema\/person\/b0477ad11daaa2185d35673e89cd41a3","name":"13789388","url":"http:\/\/wp.popularmusikforschung.de\/?author=1"}]}},"_links":{"self":[{"href":"http:\/\/wp.popularmusikforschung.de\/index.php?rest_route=\/wp\/v2\/posts\/6425","targetHints":{"allow":["GET"]}}],"collection":[{"href":"http:\/\/wp.popularmusikforschung.de\/index.php?rest_route=\/wp\/v2\/posts"}],"about":[{"href":"http:\/\/wp.popularmusikforschung.de\/index.php?rest_route=\/wp\/v2\/types\/post"}],"author":[{"embeddable":true,"href":"http:\/\/wp.popularmusikforschung.de\/index.php?rest_route=\/wp\/v2\/users\/1"}],"replies":[{"embeddable":true,"href":"http:\/\/wp.popularmusikforschung.de\/index.php?rest_route=%2Fwp%2Fv2%2Fcomments&post=6425"}],"version-history":[{"count":6,"href":"http:\/\/wp.popularmusikforschung.de\/index.php?rest_route=\/wp\/v2\/posts\/6425\/revisions"}],"predecessor-version":[{"id":6490,"href":"http:\/\/wp.popularmusikforschung.de\/index.php?rest_route=\/wp\/v2\/posts\/6425\/revisions\/6490"}],"wp:featuredmedia":[{"embeddable":true,"href":"http:\/\/wp.popularmusikforschung.de\/index.php?rest_route=\/wp\/v2\/media\/4274"}],"wp:attachment":[{"href":"http:\/\/wp.popularmusikforschung.de\/index.php?rest_route=%2Fwp%2Fv2%2Fmedia&parent=6425"}],"wp:term":[{"taxonomy":"category","embeddable":true,"href":"http:\/\/wp.popularmusikforschung.de\/index.php?rest_route=%2Fwp%2Fv2%2Fcategories&post=6425"},{"taxonomy":"post_tag","embeddable":true,"href":"http:\/\/wp.popularmusikforschung.de\/index.php?rest_route=%2Fwp%2Fv2%2Ftags&post=6425"}],"curies":[{"name":"wp","href":"https:\/\/api.w.org\/{rel}","templated":true}]}}