{"id":5957,"date":"2023-02-27T09:14:14","date_gmt":"2023-02-27T09:14:14","guid":{"rendered":"http:\/\/wp.popularmusikforschung.de\/?p=5957"},"modified":"2023-02-27T09:14:16","modified_gmt":"2023-02-27T09:14:16","slug":"informationen-zu-early-career-aktivitaeten-der-gfpm-im-jahr-2023","status":"publish","type":"post","link":"http:\/\/wp.popularmusikforschung.de\/?p=5957","title":{"rendered":"Infor\u00adma\u00adtionen zu Early-Career-Akti\u00advi\u00adt\u00e4ten der GFPM im Jahr&nbsp;2023"},"content":{"rendered":"\n<p><\/p>\n\n\n\n<p>27.02.2023 | Die GFPM hat sich in \u00a7 2, Abs. 2 ihrer Sat\u00adzung zum Ziel gesetzt, \u201eden Nach\u00adwuchs in der Popular\u00admusik\u00adforschung zu f\u00f6r\u00addern\u201c. In den letzten Jahren konnten wir diese wich\u00adtige Auf\u00adgabe u.a. durch For\u00admate wie den Early Career Work\u00adshop und den Best Paper-Award sowie eine Rei\u00adse\u00adkos\u00adten\u00adun\u00adter\u00adst\u00fct\u00adzung zu unseren Tagungen realisieren.&nbsp;<\/p>\n\n\n\n<p>Um unsere Ange\u00adbote noch besser auf die W\u00fcn\u00adsche und Bed\u00fcrf\u00adnisse unserer Ver\u00adeins\u00admit\u00adglieder aus\u00adrichten zu k\u00f6nnen, m\u00f6chten wir gerade diese in die Kon\u00adzep\u00adtion unserer zuk\u00fcnf\u00adtigen Early Career-F\u00f6r\u00adde\u00adrung ein\u00adbe\u00adziehen. Wir laden daher auch an dieser Stelle herz\u00adlich zur Teil\u00adnahme an der aktuell lau\u00adfenden Mit\u00adglie\u00adder\u00adbe\u00adfra\u00adgung ein! Dies gilt nat\u00fcr\u00adlich auch f\u00fcr die\u00adje\u00adnigen, die sich nicht (mehr) in der Early Career Phase ihrer aka\u00adde\u00admi\u00adschen Lauf\u00adbahn befinden. Nach Ablauf der Befra\u00adgung am 15. M\u00e4rz werden Vor\u00adstand und Beirat eine Stra\u00adtegie f\u00fcr kom\u00admende Akti\u00advi\u00adt\u00e4ten erar\u00adbeiten, die Bew\u00e4hrtes wei\u00adter\u00adf\u00fchren und auch neue Ideen umsetzen will.<\/p>\n\n\n\n<p>\u00dcber unsere zuk\u00fcnf\u00adtige Early Career Aus\u00adrich\u00adtung und damit ver\u00adbun\u00addene Ver\u00adan\u00adstal\u00adtungen infor\u00admieren wir Sie wei\u00adterhin \u00fcber unseren News\u00adletter und die Home\u00adpage der GFPM. Auf\u00adgrund der aktu\u00adellen Neu\u00adge\u00adstal\u00adtung und Ver\u00adbes\u00adse\u00adrung unserer Ange\u00adbote sind die Aus\u00adschrei\u00adbungen f\u00fcr 2023 jedoch zun\u00e4chst zur\u00fcck\u00adge\u00adstellt. Die Rei\u00adse\u00adkos\u00adten\u00adun\u00adter\u00adst\u00fct\u00adzung zu unserer Jah\u00adres\u00adta\u00adgung 2023 in Siegen werden wir unab\u00adh\u00e4ngig von der zuk\u00fcnf\u00adtigen Aus\u00adrich\u00adtung des Early-Career-Bereichs ver\u00adgeben, wie wir es im Call for Papers bereits ange\u00adk\u00fcn\u00addigt haben; Details zur Ver\u00adgabe folgen im&nbsp;April.<\/p>\n\n\n\n<p>Wir freuen uns bis dahin \u00fcber Anre\u00adgungen und Feed\u00adback und m\u00f6chten Sie auch \u00fcber die Mit\u00adglie\u00adder\u00adbe\u00adfra\u00adgung hinaus zur aktiven Mit\u00adge\u00adstal\u00adtung unserer F\u00f6r\u00adder\u00adan\u00adge\u00adbote motivieren.<\/p>\n\n\n\n<p>Vor\u00adstand und Beirat der&nbsp;GFPM<\/p>\n","protected":false},"excerpt":{"rendered":"<p>27.02.2023 | Die GFPM hat sich in \u00a7 2, Abs. 2 ihrer Sat\u00adzung zum Ziel gesetzt, \u201eden Nach\u00adwuchs in der Popular\u00admusik\u00adforschung zu f\u00f6r\u00addern\u201c. In den letzten Jahren konnten wir diese wich\u00adtige Auf\u00adgabe u.a. durch For\u00admate wie den Early Career Work\u00adshop und den Best Paper-Award sowie eine Rei\u00adse\u00adkos\u00adten\u00adun\u00adter\u00adst\u00fct\u00adzung zu unseren Tagungen rea\u00adli\u00adsieren\u2026 <a href=\"http:\/\/wp.popularmusikforschung.de\/?p=5957\">[mehr]<\/a><\/p>\n","protected":false},"author":1,"featured_media":4276,"comment_status":"closed","ping_status":"closed","sticky":false,"template":"","format":"standard","meta":{"inline_featured_image":false,"wp_typography_post_enhancements_disabled":false,"footnotes":""},"categories":[28],"tags":[],"class_list":["post-5957","post","type-post","status-publish","format-standard","has-post-thumbnail","hentry","category-early-career"],"yoast_head":"<!-- This site is optimized with the Yoast SEO plugin v26.7 - https:\/\/yoast.com\/wordpress\/plugins\/seo\/ -->\n<title>Informationen zu Early-Career-Aktivit\u00e4ten der GFPM im Jahr 2023 - GFPM<\/title>\n<meta name=\"robots\" content=\"index, follow, max-snippet:-1, max-image-preview:large, max-video-preview:-1\" \/>\n<link rel=\"canonical\" href=\"http:\/\/wp.popularmusikforschung.de\/?p=5957\" \/>\n<meta property=\"og:locale\" content=\"de_DE\" \/>\n<meta property=\"og:type\" content=\"article\" \/>\n<meta property=\"og:title\" content=\"Informationen zu Early-Career-Aktivit\u00e4ten der GFPM im Jahr 2023 - GFPM\" \/>\n<meta property=\"og:description\" content=\"27.02.2023 | Die GFPM hat sich in \u00a7 2, Abs. 2 ihrer Satzung zum Ziel gesetzt, \u201eden Nachwuchs in der Popularmusikforschung zu f\u00f6rdern\u201c. In den letzten Jahren konnten wir diese wichtige Aufgabe u.a. durch Formate wie den Early Career Workshop und den Best Paper-Award sowie eine Reisekostenunterst\u00fctzung zu unseren Tagungen realisieren... [mehr]\" \/>\n<meta property=\"og:url\" content=\"http:\/\/wp.popularmusikforschung.de\/?p=5957\" \/>\n<meta property=\"og:site_name\" content=\"GFPM\" \/>\n<meta property=\"article:publisher\" content=\"https:\/\/www.facebook.com\/search\/top?q=gfpmgesellschaftfrpopularmusikforschung\" \/>\n<meta property=\"article:published_time\" content=\"2023-02-27T09:14:14+00:00\" \/>\n<meta property=\"article:modified_time\" content=\"2023-02-27T09:14:16+00:00\" \/>\n<meta property=\"og:image\" content=\"http:\/\/wp.popularmusikforschung.de\/wp-content\/uploads\/2020\/12\/News_EC.png\" \/>\n\t<meta property=\"og:image:width\" content=\"400\" \/>\n\t<meta property=\"og:image:height\" content=\"200\" \/>\n\t<meta property=\"og:image:type\" content=\"image\/png\" \/>\n<meta name=\"author\" content=\"13789388\" \/>\n<meta name=\"twitter:card\" content=\"summary_large_image\" \/>\n<meta name=\"twitter:label1\" content=\"Verfasst von\" \/>\n\t<meta name=\"twitter:data1\" content=\"13789388\" \/>\n\t<meta name=\"twitter:label2\" content=\"Gesch\u00e4tzte Lesezeit\" \/>\n\t<meta name=\"twitter:data2\" content=\"1\u00a0Minute\" \/>\n<script type=\"application\/ld+json\" class=\"yoast-schema-graph\">{\"@context\":\"https:\/\/schema.org\",\"@graph\":[{\"@type\":\"Article\",\"@id\":\"http:\/\/wp.popularmusikforschung.de\/?p=5957#article\",\"isPartOf\":{\"@id\":\"http:\/\/wp.popularmusikforschung.de\/?p=5957\"},\"author\":{\"name\":\"13789388\",\"@id\":\"http:\/\/wp.popularmusikforschung.de\/#\/schema\/person\/b0477ad11daaa2185d35673e89cd41a3\"},\"headline\":\"Infor\u00adma\u00adtionen zu Early-Career-Akti\u00advi\u00adt\u00e4ten der GFPM im Jahr&nbsp;2023\",\"datePublished\":\"2023-02-27T09:14:14+00:00\",\"dateModified\":\"2023-02-27T09:14:16+00:00\",\"mainEntityOfPage\":{\"@id\":\"http:\/\/wp.popularmusikforschung.de\/?p=5957\"},\"wordCount\":265,\"publisher\":{\"@id\":\"http:\/\/wp.popularmusikforschung.de\/#organization\"},\"image\":{\"@id\":\"http:\/\/wp.popularmusikforschung.de\/?p=5957#primaryimage\"},\"thumbnailUrl\":\"http:\/\/wp.popularmusikforschung.de\/wp-content\/uploads\/2020\/12\/News_EC.png\",\"articleSection\":[\"Early Career\"],\"inLanguage\":\"de\"},{\"@type\":\"WebPage\",\"@id\":\"http:\/\/wp.popularmusikforschung.de\/?p=5957\",\"url\":\"http:\/\/wp.popularmusikforschung.de\/?p=5957\",\"name\":\"Informationen zu Early-Career-Aktivit\u00e4ten der GFPM im Jahr 2023 - GFPM\",\"isPartOf\":{\"@id\":\"http:\/\/wp.popularmusikforschung.de\/#website\"},\"primaryImageOfPage\":{\"@id\":\"http:\/\/wp.popularmusikforschung.de\/?p=5957#primaryimage\"},\"image\":{\"@id\":\"http:\/\/wp.popularmusikforschung.de\/?p=5957#primaryimage\"},\"thumbnailUrl\":\"http:\/\/wp.popularmusikforschung.de\/wp-content\/uploads\/2020\/12\/News_EC.png\",\"datePublished\":\"2023-02-27T09:14:14+00:00\",\"dateModified\":\"2023-02-27T09:14:16+00:00\",\"breadcrumb\":{\"@id\":\"http:\/\/wp.popularmusikforschung.de\/?p=5957#breadcrumb\"},\"inLanguage\":\"de\",\"potentialAction\":[{\"@type\":\"ReadAction\",\"target\":[\"http:\/\/wp.popularmusikforschung.de\/?p=5957\"]}]},{\"@type\":\"ImageObject\",\"inLanguage\":\"de\",\"@id\":\"http:\/\/wp.popularmusikforschung.de\/?p=5957#primaryimage\",\"url\":\"http:\/\/wp.popularmusikforschung.de\/wp-content\/uploads\/2020\/12\/News_EC.png\",\"contentUrl\":\"http:\/\/wp.popularmusikforschung.de\/wp-content\/uploads\/2020\/12\/News_EC.png\",\"width\":400,\"height\":200},{\"@type\":\"BreadcrumbList\",\"@id\":\"http:\/\/wp.popularmusikforschung.de\/?p=5957#breadcrumb\",\"itemListElement\":[{\"@type\":\"ListItem\",\"position\":1,\"name\":\"Startseite\",\"item\":\"http:\/\/wp.popularmusikforschung.de\/\"},{\"@type\":\"ListItem\",\"position\":2,\"name\":\"Infor\u00adma\u00adtionen zu Early-Career-Akti\u00advi\u00adt\u00e4ten der GFPM im Jahr&nbsp;2023\"}]},{\"@type\":\"WebSite\",\"@id\":\"http:\/\/wp.popularmusikforschung.de\/#website\",\"url\":\"http:\/\/wp.popularmusikforschung.de\/\",\"name\":\"GFPM\",\"description\":\"Gesellschaft f\u00fcr Popularmusikforschung\",\"publisher\":{\"@id\":\"http:\/\/wp.popularmusikforschung.de\/#organization\"},\"potentialAction\":[{\"@type\":\"SearchAction\",\"target\":{\"@type\":\"EntryPoint\",\"urlTemplate\":\"http:\/\/wp.popularmusikforschung.de\/?s={search_term_string}\"},\"query-input\":{\"@type\":\"PropertyValueSpecification\",\"valueRequired\":true,\"valueName\":\"search_term_string\"}}],\"inLanguage\":\"de\"},{\"@type\":\"Organization\",\"@id\":\"http:\/\/wp.popularmusikforschung.de\/#organization\",\"name\":\"Gesellschaft f\u00fcr Popularmusikforschung\",\"url\":\"http:\/\/wp.popularmusikforschung.de\/\",\"logo\":{\"@type\":\"ImageObject\",\"inLanguage\":\"de\",\"@id\":\"http:\/\/wp.popularmusikforschung.de\/#\/schema\/logo\/image\/\",\"url\":\"http:\/\/wp.popularmusikforschung.de\/wp-content\/uploads\/2021\/09\/GFPM_Logo_black_high.png\",\"contentUrl\":\"http:\/\/wp.popularmusikforschung.de\/wp-content\/uploads\/2021\/09\/GFPM_Logo_black_high.png\",\"width\":174,\"height\":155,\"caption\":\"Gesellschaft f\u00fcr Popularmusikforschung\"},\"image\":{\"@id\":\"http:\/\/wp.popularmusikforschung.de\/#\/schema\/logo\/image\/\"},\"sameAs\":[\"https:\/\/www.facebook.com\/search\/top?q=gfpmgesellschaftfrpopularmusikforschung\"]},{\"@type\":\"Person\",\"@id\":\"http:\/\/wp.popularmusikforschung.de\/#\/schema\/person\/b0477ad11daaa2185d35673e89cd41a3\",\"name\":\"13789388\",\"url\":\"http:\/\/wp.popularmusikforschung.de\/?author=1\"}]}<\/script>\n<!-- \/ Yoast SEO plugin. -->","yoast_head_json":{"title":"Informationen zu Early-Career-Aktivit\u00e4ten der GFPM im Jahr 2023 - GFPM","robots":{"index":"index","follow":"follow","max-snippet":"max-snippet:-1","max-image-preview":"max-image-preview:large","max-video-preview":"max-video-preview:-1"},"canonical":"http:\/\/wp.popularmusikforschung.de\/?p=5957","og_locale":"de_DE","og_type":"article","og_title":"Informationen zu Early-Career-Aktivit\u00e4ten der GFPM im Jahr 2023 - GFPM","og_description":"27.02.2023 | Die GFPM hat sich in \u00a7 2, Abs. 2 ihrer Satzung zum Ziel gesetzt, \u201eden Nachwuchs in der Popularmusikforschung zu f\u00f6rdern\u201c. In den letzten Jahren konnten wir diese wichtige Aufgabe u.a. durch Formate wie den Early Career Workshop und den Best Paper-Award sowie eine Reisekostenunterst\u00fctzung zu unseren Tagungen realisieren... [mehr]","og_url":"http:\/\/wp.popularmusikforschung.de\/?p=5957","og_site_name":"GFPM","article_publisher":"https:\/\/www.facebook.com\/search\/top?q=gfpmgesellschaftfrpopularmusikforschung","article_published_time":"2023-02-27T09:14:14+00:00","article_modified_time":"2023-02-27T09:14:16+00:00","og_image":[{"width":400,"height":200,"url":"http:\/\/wp.popularmusikforschung.de\/wp-content\/uploads\/2020\/12\/News_EC.png","type":"image\/png"}],"author":"13789388","twitter_card":"summary_large_image","twitter_misc":{"Verfasst von":"13789388","Gesch\u00e4tzte Lesezeit":"1\u00a0Minute"},"schema":{"@context":"https:\/\/schema.org","@graph":[{"@type":"Article","@id":"http:\/\/wp.popularmusikforschung.de\/?p=5957#article","isPartOf":{"@id":"http:\/\/wp.popularmusikforschung.de\/?p=5957"},"author":{"name":"13789388","@id":"http:\/\/wp.popularmusikforschung.de\/#\/schema\/person\/b0477ad11daaa2185d35673e89cd41a3"},"headline":"Infor\u00adma\u00adtionen zu Early-Career-Akti\u00advi\u00adt\u00e4ten der GFPM im Jahr&nbsp;2023","datePublished":"2023-02-27T09:14:14+00:00","dateModified":"2023-02-27T09:14:16+00:00","mainEntityOfPage":{"@id":"http:\/\/wp.popularmusikforschung.de\/?p=5957"},"wordCount":265,"publisher":{"@id":"http:\/\/wp.popularmusikforschung.de\/#organization"},"image":{"@id":"http:\/\/wp.popularmusikforschung.de\/?p=5957#primaryimage"},"thumbnailUrl":"http:\/\/wp.popularmusikforschung.de\/wp-content\/uploads\/2020\/12\/News_EC.png","articleSection":["Early Career"],"inLanguage":"de"},{"@type":"WebPage","@id":"http:\/\/wp.popularmusikforschung.de\/?p=5957","url":"http:\/\/wp.popularmusikforschung.de\/?p=5957","name":"Informationen zu Early-Career-Aktivit\u00e4ten der GFPM im Jahr 2023 - GFPM","isPartOf":{"@id":"http:\/\/wp.popularmusikforschung.de\/#website"},"primaryImageOfPage":{"@id":"http:\/\/wp.popularmusikforschung.de\/?p=5957#primaryimage"},"image":{"@id":"http:\/\/wp.popularmusikforschung.de\/?p=5957#primaryimage"},"thumbnailUrl":"http:\/\/wp.popularmusikforschung.de\/wp-content\/uploads\/2020\/12\/News_EC.png","datePublished":"2023-02-27T09:14:14+00:00","dateModified":"2023-02-27T09:14:16+00:00","breadcrumb":{"@id":"http:\/\/wp.popularmusikforschung.de\/?p=5957#breadcrumb"},"inLanguage":"de","potentialAction":[{"@type":"ReadAction","target":["http:\/\/wp.popularmusikforschung.de\/?p=5957"]}]},{"@type":"ImageObject","inLanguage":"de","@id":"http:\/\/wp.popularmusikforschung.de\/?p=5957#primaryimage","url":"http:\/\/wp.popularmusikforschung.de\/wp-content\/uploads\/2020\/12\/News_EC.png","contentUrl":"http:\/\/wp.popularmusikforschung.de\/wp-content\/uploads\/2020\/12\/News_EC.png","width":400,"height":200},{"@type":"BreadcrumbList","@id":"http:\/\/wp.popularmusikforschung.de\/?p=5957#breadcrumb","itemListElement":[{"@type":"ListItem","position":1,"name":"Startseite","item":"http:\/\/wp.popularmusikforschung.de\/"},{"@type":"ListItem","position":2,"name":"Infor\u00adma\u00adtionen zu Early-Career-Akti\u00advi\u00adt\u00e4ten der GFPM im Jahr&nbsp;2023"}]},{"@type":"WebSite","@id":"http:\/\/wp.popularmusikforschung.de\/#website","url":"http:\/\/wp.popularmusikforschung.de\/","name":"GFPM","description":"Gesellschaft f\u00fcr Popularmusikforschung","publisher":{"@id":"http:\/\/wp.popularmusikforschung.de\/#organization"},"potentialAction":[{"@type":"SearchAction","target":{"@type":"EntryPoint","urlTemplate":"http:\/\/wp.popularmusikforschung.de\/?s={search_term_string}"},"query-input":{"@type":"PropertyValueSpecification","valueRequired":true,"valueName":"search_term_string"}}],"inLanguage":"de"},{"@type":"Organization","@id":"http:\/\/wp.popularmusikforschung.de\/#organization","name":"Gesellschaft f\u00fcr Popularmusikforschung","url":"http:\/\/wp.popularmusikforschung.de\/","logo":{"@type":"ImageObject","inLanguage":"de","@id":"http:\/\/wp.popularmusikforschung.de\/#\/schema\/logo\/image\/","url":"http:\/\/wp.popularmusikforschung.de\/wp-content\/uploads\/2021\/09\/GFPM_Logo_black_high.png","contentUrl":"http:\/\/wp.popularmusikforschung.de\/wp-content\/uploads\/2021\/09\/GFPM_Logo_black_high.png","width":174,"height":155,"caption":"Gesellschaft f\u00fcr Popularmusikforschung"},"image":{"@id":"http:\/\/wp.popularmusikforschung.de\/#\/schema\/logo\/image\/"},"sameAs":["https:\/\/www.facebook.com\/search\/top?q=gfpmgesellschaftfrpopularmusikforschung"]},{"@type":"Person","@id":"http:\/\/wp.popularmusikforschung.de\/#\/schema\/person\/b0477ad11daaa2185d35673e89cd41a3","name":"13789388","url":"http:\/\/wp.popularmusikforschung.de\/?author=1"}]}},"_links":{"self":[{"href":"http:\/\/wp.popularmusikforschung.de\/index.php?rest_route=\/wp\/v2\/posts\/5957","targetHints":{"allow":["GET"]}}],"collection":[{"href":"http:\/\/wp.popularmusikforschung.de\/index.php?rest_route=\/wp\/v2\/posts"}],"about":[{"href":"http:\/\/wp.popularmusikforschung.de\/index.php?rest_route=\/wp\/v2\/types\/post"}],"author":[{"embeddable":true,"href":"http:\/\/wp.popularmusikforschung.de\/index.php?rest_route=\/wp\/v2\/users\/1"}],"replies":[{"embeddable":true,"href":"http:\/\/wp.popularmusikforschung.de\/index.php?rest_route=%2Fwp%2Fv2%2Fcomments&post=5957"}],"version-history":[{"count":1,"href":"http:\/\/wp.popularmusikforschung.de\/index.php?rest_route=\/wp\/v2\/posts\/5957\/revisions"}],"predecessor-version":[{"id":5958,"href":"http:\/\/wp.popularmusikforschung.de\/index.php?rest_route=\/wp\/v2\/posts\/5957\/revisions\/5958"}],"wp:featuredmedia":[{"embeddable":true,"href":"http:\/\/wp.popularmusikforschung.de\/index.php?rest_route=\/wp\/v2\/media\/4276"}],"wp:attachment":[{"href":"http:\/\/wp.popularmusikforschung.de\/index.php?rest_route=%2Fwp%2Fv2%2Fmedia&parent=5957"}],"wp:term":[{"taxonomy":"category","embeddable":true,"href":"http:\/\/wp.popularmusikforschung.de\/index.php?rest_route=%2Fwp%2Fv2%2Fcategories&post=5957"},{"taxonomy":"post_tag","embeddable":true,"href":"http:\/\/wp.popularmusikforschung.de\/index.php?rest_route=%2Fwp%2Fv2%2Ftags&post=5957"}],"curies":[{"name":"wp","href":"https:\/\/api.w.org\/{rel}","templated":true}]}}