{"id":5860,"date":"2022-10-14T19:41:13","date_gmt":"2022-10-14T19:41:13","guid":{"rendered":"http:\/\/wp.popularmusikforschung.de\/?p=5860"},"modified":"2023-02-03T19:26:41","modified_gmt":"2023-02-03T19:26:41","slug":"update-32-jahrestagung-der-gfpm-5-iaspm-d-a-ch-tagung-parallelgesellschaften-wien-wichtige-hinweise-book-of-abstracts-und-aktualisiertes-programm","status":"publish","type":"post","link":"http:\/\/wp.popularmusikforschung.de\/?p=5860","title":{"rendered":"UPDATE: 32. Jah\u00adres\u00adta\u00adgung der GFPM &amp; 5. IASPM-D-A-CH-Tagung \u201cPar\u00adal\u00adlel\u00adge\u00adsell\u00adschaften\u201d, Wien: Wich\u00adtige Hin\u00adweise, Book of Abs\u00adtracts und aktua\u00adli\u00adsiertes Programm"},"content":{"rendered":"\n<p>Liebe Kolleg*innen,<\/p>\n\n\n\n<p>wir freuen uns sehr darauf, viele von Ihnen und euch schon in wenigen Tagen in Wien per\u00ads\u00f6n\u00adlich vor Ort zur<strong> GFPM und IASPM D\u2011A-CH-Tagung \u201ePar\u00adal\u00adlel\u00adge\u00adsell\u00adschaften\u201d \/ \u201ePar\u00adallel Socie\u00adties\u201d<\/strong> begr\u00fc\u00dfen zu d\u00fcrfen!<\/p>\n\n\n\n<p>Hier ist das <strong><a href=\"http:\/\/wp.popularmusikforschung.de\/wp-content\/uploads\/2022\/10\/mdw-Parallelgesellschaften-Parallel-Societies-Programm-2022.pdf\" data-type=\"URL\" data-id=\"http:\/\/wp.popularmusikforschung.de\/wp-content\/uploads\/2022\/10\/mdw-Parallelgesellschaften-Parallel-Societies-Programm-2022.pdf\" target=\"_blank\" rel=\"noreferrer noopener\">aktua\u00adli\u00adsierte Pro\u00adgramm<\/a><\/strong> sowie das <strong><a href=\"http:\/\/wp.popularmusikforschung.de\/wp-content\/uploads\/2022\/10\/mdw-Parallelgesellschaften-Parallel-Societies-BoA-2022.pdf\" data-type=\"URL\" data-id=\"http:\/\/wp.popularmusikforschung.de\/wp-content\/uploads\/2022\/10\/mdw-Parallelgesellschaften-Parallel-Societies-BoA-2022.pdf\" target=\"_blank\" rel=\"noreferrer noopener\">Book of Abs\u00adtracts<\/a><\/strong>. Letz\u00adteres erhalten alle Teilnehmer*innen vor Ort aus\u00adge\u00addruckt zur Ver\u00adf\u00fc\u00adgung gestellt.<\/p>\n\n\n\n<p>Noch einige letzte, wich\u00adtige Hin\u00adweise zur Tagung:<\/p>\n\n\n\n<p>- Die Zahl an Covid-Erkrankten steigt in \u00d6ster\u00adreich der\u00adzeit massiv an. Bitte bringen Sie unbe\u00addingt eine\/mehrere <strong>FFP2-Masken<\/strong> mit! Diese sind in Wien in \u00f6ffent\u00adli\u00adchen Ver\u00adkehrs\u00admit\u00adteln ohnehin Pflicht, und wir erwarten t\u00e4g\u00adlich neue Vor\u00adgaben aus dem Gesund\u00adheits\u00admi\u00adnis\u00adte\u00adrium und dem Rek\u00adtorat der mdw, die das Tragen von FFP2-Masken bei Gro\u00df\u00adver\u00adan\u00adstal\u00adtungen (wie der unseren mit 150 ange\u00admel\u00addeten Per\u00adsonen) nicht nur emp\u00adfehlen, son\u00addern ver\u00adpflich\u00adtend machen. FFP2-Masken sind in \u00d6ster\u00adreich \u00fcbri\u00adgens in Apo\u00adtheken, Dro\u00adge\u00adrien und auch in Super\u00adm\u00e4rkten k\u00e4uf\u00adlich erh\u00e4ltlich.<\/p>\n\n\n\n<p>- <strong>Wir bitten drin\u00adgend darum, sich vor der Abreise nach Wien testen zu lassen<\/strong>, auch wenn dies im schlech\u00adtesten Fall bedeuten kann, dass die Reise nicht ange\u00adtreten werden kann. Sch\u00fctzen wir einander!<\/p>\n\n\n\n<p>- F\u00fcr alle, die in Wien nicht dabei sein k\u00f6nnen, haben wir f\u00fcr ein\u00adzelne, zumeist eng\u00adlisch\u00adspra\u00adchige Ses\u00adsions und Key\u00adnotes am Don\u00adnerstag und Freitag einen <strong>Live-Stream<\/strong> ein\u00adrichten k\u00f6nnen \u2014 viel Vergn\u00fcgen!<\/p>\n\n\n\n<p><a href=\"https:\/\/live.mdw.ac.at\/imbrd22\">https:\/\/live.mdw.ac.at\/imbrd22<\/a><\/p>\n\n\n\n<p><a href=\"https:\/\/live.mdw.ac.at\/parallelgesellschaften\">https:\/\/live.mdw.ac.at\/parallelgesellschaften<\/a><\/p>\n\n\n\n<p>- Am Don\u00adnerstag Abend findet die <strong>IASPM D\u2011A-CH-Mit\u00adglie\u00adder\u00adver\u00adsamm\u00adlung<\/strong> <strong>in Pr\u00e4\u00adsenz <\/strong>statt. Die Wahl des neuen Vor\u00adstands wird vor Ort \u00fcber <strong><em>VotesUp<\/em><\/strong> abge\u00adwi\u00adckelt. Bitte bringen Sie daf\u00fcr, sofern Sie Mit\u00adglied bei IASPM D\u2011A-CH sind, ein funk\u00adti\u00adons\u00adt\u00fcch\u00adtiges, inter\u00adnet\u00adf\u00e4\u00adhiges Device mit (Smart\u00adphone, Laptop).<\/p>\n\n\n\n<p>- Wir haben f\u00fcr den Freitag Abend im <strong>Heu\u00adrigen Sch\u00fcbl-Auer<\/strong> Tische reser\u00adviert, Die Strot\u00adtern werden auf\u00adspielen. Sofern Sie am Abend\u00adessen im Heu\u00adrigen teil\u00adnehmen m\u00f6chten,<strong> erbitten wir drin\u00adgend<\/strong>, sofern noch nicht geschehen, <strong>um Anmel\u00addung<\/strong> (<a href=\"poandl@mdw.ac.at\">poandl[at]mdw.ac[dot]at<\/a>). Der Kos\u00adten\u00adbei\u00adtrag betr\u00e4gt 20 Euro\/Person und wird <strong>vor Ort<\/strong> von Frau Poandl und Team bei der Regis\u00adtrie\u00adrung in Emp\u00adfang genommen (auch Vor\u00adtra\u00adgende sollen bitte melden, ob sie mit\u00adgehen wollen).<\/p>\n\n\n\n<p>F\u00fcr Stu\u00addie\u00adrende betr\u00e4gt der Kos\u00adten\u00adbei\u00adtrag zum Abend\u00adessen nur 15 Euro, dank einer kurz\u00adfristig zur Ver\u00adf\u00fc\u00adgung gestellten F\u00f6r\u00adde\u00adrung sei\u00adtens IASPM D\u2011A-CH. Die Platz\u00adzahl im Heu\u00adrigen ist begrenzt, Pl\u00e4tze werden \u00fcber die Anmel\u00addung bei Frau Poandl nach dem Prinzip <em>first come, first served<\/em> vergeben.<\/p>\n\n\n\n<p>Auf bald in Wien und eine gute, gesunde Anreise \u2014 wir freuen uns auf Sie und&nbsp;euch!<\/p>\n\n\n\n<p>Sarah Chaker &amp; Michael Huber<\/p>\n\n\n\n<p><\/p>\n","protected":false},"excerpt":{"rendered":"<p>14.10.2022 | Hier einige wich\u00adtige Updates von Sarah Chaker und Michael Huber zur dies\u00adj\u00e4h\u00adrigen gemein\u00adsamen Jah\u00adres\u00adta\u00adgung mit IASPM-D-A-CH an der mdw \u2013 Uni\u00adver\u00adsit\u00e4t f\u00fcr Musik und dar\u00adstel\u00adlende Kunst Wien\u2026 <a href=\"http:\/\/wp.popularmusikforschung.de\/?p=5860\">[mehr]<\/a><\/p>\n","protected":false},"author":1,"featured_media":4275,"comment_status":"closed","ping_status":"closed","sticky":false,"template":"","format":"standard","meta":{"inline_featured_image":false,"wp_typography_post_enhancements_disabled":false,"footnotes":""},"categories":[54],"tags":[],"class_list":["post-5860","post","type-post","status-publish","format-standard","has-post-thumbnail","hentry","category-tagung-programm"],"yoast_head":"<!-- This site is optimized with the Yoast SEO plugin v26.7 - https:\/\/yoast.com\/wordpress\/plugins\/seo\/ -->\n<title>UPDATE: 32. Jahrestagung der GFPM &amp; 5. IASPM-D-A-CH-Tagung \u201cParallelgesellschaften\u201d, Wien: Wichtige Hinweise, Book of Abstracts und aktualisiertes Programm - GFPM<\/title>\n<meta name=\"robots\" content=\"index, follow, max-snippet:-1, max-image-preview:large, max-video-preview:-1\" \/>\n<link rel=\"canonical\" href=\"http:\/\/wp.popularmusikforschung.de\/?p=5860\" \/>\n<meta property=\"og:locale\" content=\"de_DE\" \/>\n<meta property=\"og:type\" content=\"article\" \/>\n<meta property=\"og:title\" content=\"UPDATE: 32. Jahrestagung der GFPM &amp; 5. IASPM-D-A-CH-Tagung \u201cParallelgesellschaften\u201d, Wien: Wichtige Hinweise, Book of Abstracts und aktualisiertes Programm - GFPM\" \/>\n<meta property=\"og:description\" content=\"14.10.2022 | Hier einige wichtige Updates von Sarah Chaker und Michael Huber zur diesj\u00e4hrigen gemeinsamen Jahrestagung mit IASPM-D-A-CH an der mdw \u2013 Universit\u00e4t f\u00fcr Musik und darstellende Kunst Wien... [mehr]\" \/>\n<meta property=\"og:url\" content=\"http:\/\/wp.popularmusikforschung.de\/?p=5860\" \/>\n<meta property=\"og:site_name\" content=\"GFPM\" \/>\n<meta property=\"article:publisher\" content=\"https:\/\/www.facebook.com\/search\/top?q=gfpmgesellschaftfrpopularmusikforschung\" \/>\n<meta property=\"article:published_time\" content=\"2022-10-14T19:41:13+00:00\" \/>\n<meta property=\"article:modified_time\" content=\"2023-02-03T19:26:41+00:00\" \/>\n<meta property=\"og:image\" content=\"http:\/\/wp.popularmusikforschung.de\/wp-content\/uploads\/2021\/08\/News_Tagungsprogramm.png\" \/>\n\t<meta property=\"og:image:width\" content=\"400\" \/>\n\t<meta property=\"og:image:height\" content=\"200\" \/>\n\t<meta property=\"og:image:type\" content=\"image\/png\" \/>\n<meta name=\"author\" content=\"13789388\" \/>\n<meta name=\"twitter:card\" content=\"summary_large_image\" \/>\n<meta name=\"twitter:label1\" content=\"Verfasst von\" \/>\n\t<meta name=\"twitter:data1\" content=\"13789388\" \/>\n\t<meta name=\"twitter:label2\" content=\"Gesch\u00e4tzte Lesezeit\" \/>\n\t<meta name=\"twitter:data2\" content=\"2\u00a0Minuten\" \/>\n<script type=\"application\/ld+json\" class=\"yoast-schema-graph\">{\"@context\":\"https:\/\/schema.org\",\"@graph\":[{\"@type\":\"Article\",\"@id\":\"http:\/\/wp.popularmusikforschung.de\/?p=5860#article\",\"isPartOf\":{\"@id\":\"http:\/\/wp.popularmusikforschung.de\/?p=5860\"},\"author\":{\"name\":\"13789388\",\"@id\":\"http:\/\/wp.popularmusikforschung.de\/#\/schema\/person\/b0477ad11daaa2185d35673e89cd41a3\"},\"headline\":\"UPDATE: 32. Jah\u00adres\u00adta\u00adgung der GFPM &amp; 5. IASPM-D-A-CH-Tagung \u201cPar\u00adal\u00adlel\u00adge\u00adsell\u00adschaften\u201d, Wien: Wich\u00adtige Hin\u00adweise, Book of Abs\u00adtracts und aktua\u00adli\u00adsiertes Programm\",\"datePublished\":\"2022-10-14T19:41:13+00:00\",\"dateModified\":\"2023-02-03T19:26:41+00:00\",\"mainEntityOfPage\":{\"@id\":\"http:\/\/wp.popularmusikforschung.de\/?p=5860\"},\"wordCount\":427,\"publisher\":{\"@id\":\"http:\/\/wp.popularmusikforschung.de\/#organization\"},\"image\":{\"@id\":\"http:\/\/wp.popularmusikforschung.de\/?p=5860#primaryimage\"},\"thumbnailUrl\":\"http:\/\/wp.popularmusikforschung.de\/wp-content\/uploads\/2021\/08\/News_Tagungsprogramm.png\",\"articleSection\":[\"Tagung: Programm\"],\"inLanguage\":\"de\"},{\"@type\":\"WebPage\",\"@id\":\"http:\/\/wp.popularmusikforschung.de\/?p=5860\",\"url\":\"http:\/\/wp.popularmusikforschung.de\/?p=5860\",\"name\":\"UPDATE: 32. Jahrestagung der GFPM & 5. IASPM-D-A-CH-Tagung \u201cParallelgesellschaften\u201d, Wien: Wichtige Hinweise, Book of Abstracts und aktualisiertes Programm - GFPM\",\"isPartOf\":{\"@id\":\"http:\/\/wp.popularmusikforschung.de\/#website\"},\"primaryImageOfPage\":{\"@id\":\"http:\/\/wp.popularmusikforschung.de\/?p=5860#primaryimage\"},\"image\":{\"@id\":\"http:\/\/wp.popularmusikforschung.de\/?p=5860#primaryimage\"},\"thumbnailUrl\":\"http:\/\/wp.popularmusikforschung.de\/wp-content\/uploads\/2021\/08\/News_Tagungsprogramm.png\",\"datePublished\":\"2022-10-14T19:41:13+00:00\",\"dateModified\":\"2023-02-03T19:26:41+00:00\",\"breadcrumb\":{\"@id\":\"http:\/\/wp.popularmusikforschung.de\/?p=5860#breadcrumb\"},\"inLanguage\":\"de\",\"potentialAction\":[{\"@type\":\"ReadAction\",\"target\":[\"http:\/\/wp.popularmusikforschung.de\/?p=5860\"]}]},{\"@type\":\"ImageObject\",\"inLanguage\":\"de\",\"@id\":\"http:\/\/wp.popularmusikforschung.de\/?p=5860#primaryimage\",\"url\":\"http:\/\/wp.popularmusikforschung.de\/wp-content\/uploads\/2021\/08\/News_Tagungsprogramm.png\",\"contentUrl\":\"http:\/\/wp.popularmusikforschung.de\/wp-content\/uploads\/2021\/08\/News_Tagungsprogramm.png\",\"width\":400,\"height\":200},{\"@type\":\"BreadcrumbList\",\"@id\":\"http:\/\/wp.popularmusikforschung.de\/?p=5860#breadcrumb\",\"itemListElement\":[{\"@type\":\"ListItem\",\"position\":1,\"name\":\"Startseite\",\"item\":\"http:\/\/wp.popularmusikforschung.de\/\"},{\"@type\":\"ListItem\",\"position\":2,\"name\":\"UPDATE: 32. Jah\u00adres\u00adta\u00adgung der GFPM &amp; 5. IASPM-D-A-CH-Tagung \u201cPar\u00adal\u00adlel\u00adge\u00adsell\u00adschaften\u201d, Wien: Wich\u00adtige Hin\u00adweise, Book of Abs\u00adtracts und aktua\u00adli\u00adsiertes Programm\"}]},{\"@type\":\"WebSite\",\"@id\":\"http:\/\/wp.popularmusikforschung.de\/#website\",\"url\":\"http:\/\/wp.popularmusikforschung.de\/\",\"name\":\"GFPM\",\"description\":\"Gesellschaft f\u00fcr Popularmusikforschung\",\"publisher\":{\"@id\":\"http:\/\/wp.popularmusikforschung.de\/#organization\"},\"potentialAction\":[{\"@type\":\"SearchAction\",\"target\":{\"@type\":\"EntryPoint\",\"urlTemplate\":\"http:\/\/wp.popularmusikforschung.de\/?s={search_term_string}\"},\"query-input\":{\"@type\":\"PropertyValueSpecification\",\"valueRequired\":true,\"valueName\":\"search_term_string\"}}],\"inLanguage\":\"de\"},{\"@type\":\"Organization\",\"@id\":\"http:\/\/wp.popularmusikforschung.de\/#organization\",\"name\":\"Gesellschaft f\u00fcr Popularmusikforschung\",\"url\":\"http:\/\/wp.popularmusikforschung.de\/\",\"logo\":{\"@type\":\"ImageObject\",\"inLanguage\":\"de\",\"@id\":\"http:\/\/wp.popularmusikforschung.de\/#\/schema\/logo\/image\/\",\"url\":\"http:\/\/wp.popularmusikforschung.de\/wp-content\/uploads\/2021\/09\/GFPM_Logo_black_high.png\",\"contentUrl\":\"http:\/\/wp.popularmusikforschung.de\/wp-content\/uploads\/2021\/09\/GFPM_Logo_black_high.png\",\"width\":174,\"height\":155,\"caption\":\"Gesellschaft f\u00fcr Popularmusikforschung\"},\"image\":{\"@id\":\"http:\/\/wp.popularmusikforschung.de\/#\/schema\/logo\/image\/\"},\"sameAs\":[\"https:\/\/www.facebook.com\/search\/top?q=gfpmgesellschaftfrpopularmusikforschung\"]},{\"@type\":\"Person\",\"@id\":\"http:\/\/wp.popularmusikforschung.de\/#\/schema\/person\/b0477ad11daaa2185d35673e89cd41a3\",\"name\":\"13789388\",\"url\":\"http:\/\/wp.popularmusikforschung.de\/?author=1\"}]}<\/script>\n<!-- \/ Yoast SEO plugin. -->","yoast_head_json":{"title":"UPDATE: 32. Jahrestagung der GFPM & 5. IASPM-D-A-CH-Tagung \u201cParallelgesellschaften\u201d, Wien: Wichtige Hinweise, Book of Abstracts und aktualisiertes Programm - GFPM","robots":{"index":"index","follow":"follow","max-snippet":"max-snippet:-1","max-image-preview":"max-image-preview:large","max-video-preview":"max-video-preview:-1"},"canonical":"http:\/\/wp.popularmusikforschung.de\/?p=5860","og_locale":"de_DE","og_type":"article","og_title":"UPDATE: 32. Jahrestagung der GFPM & 5. IASPM-D-A-CH-Tagung \u201cParallelgesellschaften\u201d, Wien: Wichtige Hinweise, Book of Abstracts und aktualisiertes Programm - GFPM","og_description":"14.10.2022 | Hier einige wichtige Updates von Sarah Chaker und Michael Huber zur diesj\u00e4hrigen gemeinsamen Jahrestagung mit IASPM-D-A-CH an der mdw \u2013 Universit\u00e4t f\u00fcr Musik und darstellende Kunst Wien... [mehr]","og_url":"http:\/\/wp.popularmusikforschung.de\/?p=5860","og_site_name":"GFPM","article_publisher":"https:\/\/www.facebook.com\/search\/top?q=gfpmgesellschaftfrpopularmusikforschung","article_published_time":"2022-10-14T19:41:13+00:00","article_modified_time":"2023-02-03T19:26:41+00:00","og_image":[{"width":400,"height":200,"url":"http:\/\/wp.popularmusikforschung.de\/wp-content\/uploads\/2021\/08\/News_Tagungsprogramm.png","type":"image\/png"}],"author":"13789388","twitter_card":"summary_large_image","twitter_misc":{"Verfasst von":"13789388","Gesch\u00e4tzte Lesezeit":"2\u00a0Minuten"},"schema":{"@context":"https:\/\/schema.org","@graph":[{"@type":"Article","@id":"http:\/\/wp.popularmusikforschung.de\/?p=5860#article","isPartOf":{"@id":"http:\/\/wp.popularmusikforschung.de\/?p=5860"},"author":{"name":"13789388","@id":"http:\/\/wp.popularmusikforschung.de\/#\/schema\/person\/b0477ad11daaa2185d35673e89cd41a3"},"headline":"UPDATE: 32. Jah\u00adres\u00adta\u00adgung der GFPM &amp; 5. IASPM-D-A-CH-Tagung \u201cPar\u00adal\u00adlel\u00adge\u00adsell\u00adschaften\u201d, Wien: Wich\u00adtige Hin\u00adweise, Book of Abs\u00adtracts und aktua\u00adli\u00adsiertes Programm","datePublished":"2022-10-14T19:41:13+00:00","dateModified":"2023-02-03T19:26:41+00:00","mainEntityOfPage":{"@id":"http:\/\/wp.popularmusikforschung.de\/?p=5860"},"wordCount":427,"publisher":{"@id":"http:\/\/wp.popularmusikforschung.de\/#organization"},"image":{"@id":"http:\/\/wp.popularmusikforschung.de\/?p=5860#primaryimage"},"thumbnailUrl":"http:\/\/wp.popularmusikforschung.de\/wp-content\/uploads\/2021\/08\/News_Tagungsprogramm.png","articleSection":["Tagung: Programm"],"inLanguage":"de"},{"@type":"WebPage","@id":"http:\/\/wp.popularmusikforschung.de\/?p=5860","url":"http:\/\/wp.popularmusikforschung.de\/?p=5860","name":"UPDATE: 32. Jahrestagung der GFPM & 5. IASPM-D-A-CH-Tagung \u201cParallelgesellschaften\u201d, Wien: Wichtige Hinweise, Book of Abstracts und aktualisiertes Programm - GFPM","isPartOf":{"@id":"http:\/\/wp.popularmusikforschung.de\/#website"},"primaryImageOfPage":{"@id":"http:\/\/wp.popularmusikforschung.de\/?p=5860#primaryimage"},"image":{"@id":"http:\/\/wp.popularmusikforschung.de\/?p=5860#primaryimage"},"thumbnailUrl":"http:\/\/wp.popularmusikforschung.de\/wp-content\/uploads\/2021\/08\/News_Tagungsprogramm.png","datePublished":"2022-10-14T19:41:13+00:00","dateModified":"2023-02-03T19:26:41+00:00","breadcrumb":{"@id":"http:\/\/wp.popularmusikforschung.de\/?p=5860#breadcrumb"},"inLanguage":"de","potentialAction":[{"@type":"ReadAction","target":["http:\/\/wp.popularmusikforschung.de\/?p=5860"]}]},{"@type":"ImageObject","inLanguage":"de","@id":"http:\/\/wp.popularmusikforschung.de\/?p=5860#primaryimage","url":"http:\/\/wp.popularmusikforschung.de\/wp-content\/uploads\/2021\/08\/News_Tagungsprogramm.png","contentUrl":"http:\/\/wp.popularmusikforschung.de\/wp-content\/uploads\/2021\/08\/News_Tagungsprogramm.png","width":400,"height":200},{"@type":"BreadcrumbList","@id":"http:\/\/wp.popularmusikforschung.de\/?p=5860#breadcrumb","itemListElement":[{"@type":"ListItem","position":1,"name":"Startseite","item":"http:\/\/wp.popularmusikforschung.de\/"},{"@type":"ListItem","position":2,"name":"UPDATE: 32. Jah\u00adres\u00adta\u00adgung der GFPM &amp; 5. IASPM-D-A-CH-Tagung \u201cPar\u00adal\u00adlel\u00adge\u00adsell\u00adschaften\u201d, Wien: Wich\u00adtige Hin\u00adweise, Book of Abs\u00adtracts und aktua\u00adli\u00adsiertes Programm"}]},{"@type":"WebSite","@id":"http:\/\/wp.popularmusikforschung.de\/#website","url":"http:\/\/wp.popularmusikforschung.de\/","name":"GFPM","description":"Gesellschaft f\u00fcr Popularmusikforschung","publisher":{"@id":"http:\/\/wp.popularmusikforschung.de\/#organization"},"potentialAction":[{"@type":"SearchAction","target":{"@type":"EntryPoint","urlTemplate":"http:\/\/wp.popularmusikforschung.de\/?s={search_term_string}"},"query-input":{"@type":"PropertyValueSpecification","valueRequired":true,"valueName":"search_term_string"}}],"inLanguage":"de"},{"@type":"Organization","@id":"http:\/\/wp.popularmusikforschung.de\/#organization","name":"Gesellschaft f\u00fcr Popularmusikforschung","url":"http:\/\/wp.popularmusikforschung.de\/","logo":{"@type":"ImageObject","inLanguage":"de","@id":"http:\/\/wp.popularmusikforschung.de\/#\/schema\/logo\/image\/","url":"http:\/\/wp.popularmusikforschung.de\/wp-content\/uploads\/2021\/09\/GFPM_Logo_black_high.png","contentUrl":"http:\/\/wp.popularmusikforschung.de\/wp-content\/uploads\/2021\/09\/GFPM_Logo_black_high.png","width":174,"height":155,"caption":"Gesellschaft f\u00fcr Popularmusikforschung"},"image":{"@id":"http:\/\/wp.popularmusikforschung.de\/#\/schema\/logo\/image\/"},"sameAs":["https:\/\/www.facebook.com\/search\/top?q=gfpmgesellschaftfrpopularmusikforschung"]},{"@type":"Person","@id":"http:\/\/wp.popularmusikforschung.de\/#\/schema\/person\/b0477ad11daaa2185d35673e89cd41a3","name":"13789388","url":"http:\/\/wp.popularmusikforschung.de\/?author=1"}]}},"_links":{"self":[{"href":"http:\/\/wp.popularmusikforschung.de\/index.php?rest_route=\/wp\/v2\/posts\/5860","targetHints":{"allow":["GET"]}}],"collection":[{"href":"http:\/\/wp.popularmusikforschung.de\/index.php?rest_route=\/wp\/v2\/posts"}],"about":[{"href":"http:\/\/wp.popularmusikforschung.de\/index.php?rest_route=\/wp\/v2\/types\/post"}],"author":[{"embeddable":true,"href":"http:\/\/wp.popularmusikforschung.de\/index.php?rest_route=\/wp\/v2\/users\/1"}],"replies":[{"embeddable":true,"href":"http:\/\/wp.popularmusikforschung.de\/index.php?rest_route=%2Fwp%2Fv2%2Fcomments&post=5860"}],"version-history":[{"count":4,"href":"http:\/\/wp.popularmusikforschung.de\/index.php?rest_route=\/wp\/v2\/posts\/5860\/revisions"}],"predecessor-version":[{"id":5949,"href":"http:\/\/wp.popularmusikforschung.de\/index.php?rest_route=\/wp\/v2\/posts\/5860\/revisions\/5949"}],"wp:featuredmedia":[{"embeddable":true,"href":"http:\/\/wp.popularmusikforschung.de\/index.php?rest_route=\/wp\/v2\/media\/4275"}],"wp:attachment":[{"href":"http:\/\/wp.popularmusikforschung.de\/index.php?rest_route=%2Fwp%2Fv2%2Fmedia&parent=5860"}],"wp:term":[{"taxonomy":"category","embeddable":true,"href":"http:\/\/wp.popularmusikforschung.de\/index.php?rest_route=%2Fwp%2Fv2%2Fcategories&post=5860"},{"taxonomy":"post_tag","embeddable":true,"href":"http:\/\/wp.popularmusikforschung.de\/index.php?rest_route=%2Fwp%2Fv2%2Ftags&post=5860"}],"curies":[{"name":"wp","href":"https:\/\/api.w.org\/{rel}","templated":true}]}}